{"id":6711,"date":"2024-09-06T16:26:44","date_gmt":"2024-09-06T14:26:44","guid":{"rendered":"https:\/\/unigyoretohc.hu\/pre-season-interview-with-our-head-coach\/"},"modified":"2024-09-06T21:07:40","modified_gmt":"2024-09-06T19:07:40","slug":"pre-season-interview-with-our-head-coach","status":"publish","type":"post","link":"https:\/\/unigyoretohc.hu\/en\/pre-season-interview-with-our-head-coach\/","title":{"rendered":"Pre-season interview with our head coach."},"content":{"rendered":"<div class=\"fusion-fullwidth fullwidth-box fusion-builder-row-1 fusion-flex-container hundred-percent-fullwidth non-hundred-percent-height-scrolling\" style=\"--awb-border-radius-top-left:0px;--awb-border-radius-top-right:0px;--awb-border-radius-bottom-right:0px;--awb-border-radius-bottom-left:0px;--awb-overflow:visible;--awb-flex-wrap:wrap;\" ><div class=\"fusion-builder-row fusion-row fusion-flex-align-items-flex-start fusion-flex-content-wrap\" style=\"width:calc( 100% + 0px ) !important;max-width:calc( 100% + 0px ) !important;margin-left: calc(-0px \/ 2 );margin-right: calc(-0px \/ 2 );\"><div class=\"fusion-layout-column fusion_builder_column fusion-builder-column-0 fusion_builder_column_1_1 1_1 fusion-flex-column fusion-flex-align-self-flex-start fusion-column-no-min-height\" style=\"--awb-bg-blend:overlay;--awb-bg-size:cover;--awb-width-large:100%;--awb-margin-top-large:0px;--awb-spacing-right-large:0px;--awb-margin-bottom-large:0px;--awb-spacing-left-large:0px;--awb-width-medium:100%;--awb-spacing-right-medium:0px;--awb-spacing-left-medium:0px;--awb-width-small:100%;--awb-spacing-right-small:0px;--awb-spacing-left-small:0px;\"><div class=\"fusion-column-wrapper fusion-flex-justify-content-flex-start fusion-content-layout-block\"><div class=\"fusion-text fusion-text-1\" style=\"--awb-text-transform:none;\"><p>Our team starts its second season with <strong>M\u00e1ty\u00e1s Odnoga<\/strong> at the helm. Last season brought great results, so before the start of October we asked our head coach about the challenges ahead:  <em>The 24\/25 season is about to get underway, but first let&#8217;s take a look back at the previous season, which was full of excitement and results.<br \/>\nHow would you assess last year&#8217;s performance? <\/em><br \/>\n<strong>  O.M. &#8211; I would definitely like to start by saying that last year we successfully took a big step towards our goal!  <\/strong><br \/>\n<strong>At the beginning of the season, the outcome of last season was not completely clear, but I feel that after 2-3 months we found the perfect balance and everyone knew their job!  <\/strong><br \/>\n<strong><strong><strong>Winning the title was a great achievement for all the players and staff and I feel it was well deserved, I am proud of everyone we worked with to achieve it !<\/strong><\/strong><\/strong><\/p>\n<p><em>Now let&#8217;s move on to the tasks ahead: this year the team will compete in several divisions (Andersen League, EUHL, Hungarian Cup, MEFOB).<br \/>\nWhat are your goals\/ideas for the competition?   <\/em><strong>  O.M. &#8211; We will continue to work towards a multi-year plan that we have dreamed up with the help of the Sz\u00e9chenyi University, and this season will also be important in this, and we are starting it with the Andersen Cup in Gy\u0151r.  <\/strong><br \/>\n<strong>We have gained a lot of experience in the EUHL and based on that we have a definite goal this year to make the playoffs and get as close as possible to the final!<\/strong><br \/>\n<strong>The Hungarian Cup is always a good competition, and a good feedback where we are compared to the Erste League teams, let&#8217;s hope they will even take notice of our 1-1 junior talent!<\/strong><br \/>\n<strong><strong>The goal is to win the MEFOB championship!<\/strong><\/strong><\/p>\n<p><em>Last year the team showed a very united face, will there be any significant changes in the roster this year?<br \/>\nWho is leaving and who is coming in?<br \/>\nHow will this affect unity?    <\/em><strong><strong>  O.M. &#8211; Indeed, one of our strengths is the cohesion between the players and this year there has been very little change, we have two new, experienced players: <a href=\"https:\/\/www.eliteprospects.com\/player\/382132\/bence-dezsi\" target=\"_blank\" rel=\"noopener\">Bence D\u00e9zsi<\/a> and <a href=\"https:\/\/www.eliteprospects.com\/player\/116732\/istvan-gabor-sz%C5%B1cs\" target=\"_blank\" rel=\"noopener\">Istv\u00e1n Sz\u0171cs.<\/a><br \/>\nBoth come from abroad, but with several years of Erste Liga experience. We have temporarily lost our goalkeeper <em>\u00c1kos M\u00e9sz\u00e1ros<\/em>, who chose a university course that is not available at the University of Gy\u0151r.<br \/>\nHe will continue his career in Budapest, we wish him good luck!<br \/>\nI&#8217;m happy to say that more than 10 of our players are students of Sz\u00e9chenyi University, we are making very good progress in the development of the career model we have been dreaming of for 2 years.<br \/>\nTeam unity is always one of the most important and we are building our squad on this basis, with players that young athletes can learn from and look up to !    <\/strong><\/strong><\/p>\n<p><em>How would you describe the strengths of the team, either from a technical or human point of view?  <\/em><strong><strong>  O.M. &#8211; We are a fast, combinative team, and thanks to our unity we will be able to innovate or surprise in any situation, the guys love a challenge, we are ready for any obstacle!<\/strong><\/strong><\/p>\n<p><em>Finally, what would you like to say to our fans, who have repeatedly created an unforgettable atmosphere on the pitch?  <\/em><strong>  O.M. &#8211; First of all, I would like to thank you for your support, it was fantastic to see the hall full last year !  <\/strong><br \/>\n<strong>I can promise you that there will be no fake fall and no foreigners in Gy\u0151r jerseys!  <\/strong><br \/>\n<strong>Every game, 22 men will put their hearts on the ice and fight to the last minute! Go UNI GY\u0150R ETO!<\/strong><\/p>\n<\/div><div class=\"fusion-separator fusion-full-width-sep\" style=\"align-self: center;margin-left: auto;margin-right: auto;margin-top:25px;margin-bottom:25px;width:100%;\"><div class=\"fusion-separator-border sep-shadow\" style=\"--awb-height:20px;--awb-amount:20px;background:radial-gradient(ellipse at 50% -50% , #e0dede 0px, rgba(255, 255, 255, 0) 80%) repeat scroll 0 0 rgba(0, 0, 0, 0);background:-webkit-radial-gradient(ellipse at 50% -50% , #e0dede 0px, rgba(255, 255, 255, 0) 80%) repeat scroll 0 0 rgba(0, 0, 0, 0);background:-moz-radial-gradient(ellipse at 50% -50% , #e0dede 0px, rgba(255, 255, 255, 0) 80%) repeat scroll 0 0 rgba(0, 0, 0, 0);background:-o-radial-gradient(ellipse at 50% -50% , #e0dede 0px, rgba(255, 255, 255, 0) 80%) repeat scroll 0 0 rgba(0, 0, 0, 0);\"><\/div><\/div><\/div><\/div><\/div><\/div>\n","protected":false},"excerpt":{"rendered":"","protected":false},"author":1,"featured_media":6708,"comment_status":"closed","ping_status":"closed","sticky":false,"template":"","format":"standard","meta":{"_monsterinsights_skip_tracking":false,"_monsterinsights_sitenote_active":false,"_monsterinsights_sitenote_note":"","_monsterinsights_sitenote_category":0,"footnotes":""},"categories":[114],"tags":[129,115,132,155,187],"class_list":["post-6711","post","type-post","status-publish","format-standard","has-post-thumbnail","hentry","category-unigyoretohc-en","tag-andersen-league","tag-euhl-en","tag-home","tag-hungarian-cup","tag-mefob-en"],"yoast_head":"<!-- This site is optimized with the Yoast SEO plugin v27.1.1 - https:\/\/yoast.com\/product\/yoast-seo-wordpress\/ -->\n<title>Pre-season interview with our head coach. - UNI GY\u0150R ETO HC<\/title>\n<meta name=\"description\" content=\"Our team starts its second season with M\u00e1ty\u00e1s Odnoga at the helm.\" \/>\n<meta name=\"robots\" content=\"index, follow, max-snippet:-1, max-image-preview:large, max-video-preview:-1\" \/>\n<link rel=\"canonical\" href=\"https:\/\/unigyoretohc.hu\/en\/pre-season-interview-with-our-head-coach\/\" \/>\n<meta property=\"og:locale\" content=\"en_US\" \/>\n<meta property=\"og:type\" content=\"article\" \/>\n<meta property=\"og:title\" content=\"Pre-season interview with our head coach. - UNI GY\u0150R ETO HC\" \/>\n<meta property=\"og:description\" content=\"Our team starts its second season with M\u00e1ty\u00e1s Odnoga at the helm.\" \/>\n<meta property=\"og:url\" content=\"https:\/\/unigyoretohc.hu\/en\/pre-season-interview-with-our-head-coach\/\" \/>\n<meta property=\"og:site_name\" content=\"UNI GY\u0150R ETO HC\" \/>\n<meta property=\"article:publisher\" content=\"https:\/\/www.facebook.com\/unigyoretohc\" \/>\n<meta property=\"article:published_time\" content=\"2024-09-06T14:26:44+00:00\" \/>\n<meta property=\"article:modified_time\" content=\"2024-09-06T19:07:40+00:00\" \/>\n<meta property=\"og:image\" content=\"https:\/\/unigyoretohc.hu\/wp-content\/uploads\/2024\/09\/Odnoga-Matyas.jpg\" \/>\n\t<meta property=\"og:image:width\" content=\"1280\" \/>\n\t<meta property=\"og:image:height\" content=\"853\" \/>\n\t<meta property=\"og:image:type\" content=\"image\/jpeg\" \/>\n<meta name=\"author\" content=\"etoadmin\" \/>\n<meta name=\"twitter:card\" content=\"summary_large_image\" \/>\n<meta name=\"twitter:label1\" content=\"Written by\" \/>\n\t<meta name=\"twitter:data1\" content=\"etoadmin\" \/>\n\t<meta name=\"twitter:label2\" content=\"Est. reading time\" \/>\n\t<meta name=\"twitter:data2\" content=\"4 minutes\" \/>\n<script type=\"application\/ld+json\" class=\"yoast-schema-graph\">{\"@context\":\"https:\/\/schema.org\",\"@graph\":[{\"@type\":\"Article\",\"@id\":\"https:\/\/unigyoretohc.hu\/en\/pre-season-interview-with-our-head-coach\/#article\",\"isPartOf\":{\"@id\":\"https:\/\/unigyoretohc.hu\/en\/pre-season-interview-with-our-head-coach\/\"},\"author\":{\"name\":\"etoadmin\",\"@id\":\"https:\/\/unigyoretohc.hu\/#\/schema\/person\/4cd020300a9cfd8f1e11c653934160a4\"},\"headline\":\"Pre-season interview with our head coach.\",\"datePublished\":\"2024-09-06T14:26:44+00:00\",\"dateModified\":\"2024-09-06T19:07:40+00:00\",\"mainEntityOfPage\":{\"@id\":\"https:\/\/unigyoretohc.hu\/en\/pre-season-interview-with-our-head-coach\/\"},\"wordCount\":829,\"publisher\":{\"@id\":\"https:\/\/unigyoretohc.hu\/#organization\"},\"image\":{\"@id\":\"https:\/\/unigyoretohc.hu\/en\/pre-season-interview-with-our-head-coach\/#primaryimage\"},\"thumbnailUrl\":\"https:\/\/unigyoretohc.hu\/wp-content\/uploads\/2024\/09\/Odnoga-Matyas.jpg\",\"keywords\":[\"Andersen League\",\"EUHL\",\"Home games\",\"Hungarian Cup\",\"MEFOB\"],\"articleSection\":[\"unigyoretohc\"],\"inLanguage\":\"en-US\"},{\"@type\":\"WebPage\",\"@id\":\"https:\/\/unigyoretohc.hu\/en\/pre-season-interview-with-our-head-coach\/\",\"url\":\"https:\/\/unigyoretohc.hu\/en\/pre-season-interview-with-our-head-coach\/\",\"name\":\"Pre-season interview with our head coach. - UNI GY\u0150R ETO HC\",\"isPartOf\":{\"@id\":\"https:\/\/unigyoretohc.hu\/#website\"},\"primaryImageOfPage\":{\"@id\":\"https:\/\/unigyoretohc.hu\/en\/pre-season-interview-with-our-head-coach\/#primaryimage\"},\"image\":{\"@id\":\"https:\/\/unigyoretohc.hu\/en\/pre-season-interview-with-our-head-coach\/#primaryimage\"},\"thumbnailUrl\":\"https:\/\/unigyoretohc.hu\/wp-content\/uploads\/2024\/09\/Odnoga-Matyas.jpg\",\"datePublished\":\"2024-09-06T14:26:44+00:00\",\"dateModified\":\"2024-09-06T19:07:40+00:00\",\"description\":\"Our team starts its second season with M\u00e1ty\u00e1s Odnoga at the helm.\",\"breadcrumb\":{\"@id\":\"https:\/\/unigyoretohc.hu\/en\/pre-season-interview-with-our-head-coach\/#breadcrumb\"},\"inLanguage\":\"en-US\",\"potentialAction\":[{\"@type\":\"ReadAction\",\"target\":[\"https:\/\/unigyoretohc.hu\/en\/pre-season-interview-with-our-head-coach\/\"]}]},{\"@type\":\"ImageObject\",\"inLanguage\":\"en-US\",\"@id\":\"https:\/\/unigyoretohc.hu\/en\/pre-season-interview-with-our-head-coach\/#primaryimage\",\"url\":\"https:\/\/unigyoretohc.hu\/wp-content\/uploads\/2024\/09\/Odnoga-Matyas.jpg\",\"contentUrl\":\"https:\/\/unigyoretohc.hu\/wp-content\/uploads\/2024\/09\/Odnoga-Matyas.jpg\",\"width\":1280,\"height\":853},{\"@type\":\"BreadcrumbList\",\"@id\":\"https:\/\/unigyoretohc.hu\/en\/pre-season-interview-with-our-head-coach\/#breadcrumb\",\"itemListElement\":[{\"@type\":\"ListItem\",\"position\":1,\"name\":\"Kezd\u0151lap\",\"item\":\"https:\/\/unigyoretohc.hu\/\"},{\"@type\":\"ListItem\",\"position\":2,\"name\":\"Pre-season interview with our head coach.\"}]},{\"@type\":\"WebSite\",\"@id\":\"https:\/\/unigyoretohc.hu\/#website\",\"url\":\"https:\/\/unigyoretohc.hu\/\",\"name\":\"UNI GY\u0150R ETO HC\",\"description\":\"Erste Liga\",\"publisher\":{\"@id\":\"https:\/\/unigyoretohc.hu\/#organization\"},\"potentialAction\":[{\"@type\":\"SearchAction\",\"target\":{\"@type\":\"EntryPoint\",\"urlTemplate\":\"https:\/\/unigyoretohc.hu\/?s={search_term_string}\"},\"query-input\":{\"@type\":\"PropertyValueSpecification\",\"valueRequired\":true,\"valueName\":\"search_term_string\"}}],\"inLanguage\":\"en-US\"},{\"@type\":\"Organization\",\"@id\":\"https:\/\/unigyoretohc.hu\/#organization\",\"name\":\"UNI GY\u0150R ETO HC\",\"url\":\"https:\/\/unigyoretohc.hu\/\",\"logo\":{\"@type\":\"ImageObject\",\"inLanguage\":\"en-US\",\"@id\":\"https:\/\/unigyoretohc.hu\/#\/schema\/logo\/image\/\",\"url\":\"https:\/\/unigyoretohc.hu\/wp-content\/uploads\/2022\/10\/ETO_logo.png\",\"contentUrl\":\"https:\/\/unigyoretohc.hu\/wp-content\/uploads\/2022\/10\/ETO_logo.png\",\"width\":800,\"height\":800,\"caption\":\"UNI GY\u0150R ETO HC\"},\"image\":{\"@id\":\"https:\/\/unigyoretohc.hu\/#\/schema\/logo\/image\/\"},\"sameAs\":[\"https:\/\/www.facebook.com\/unigyoretohc\",\"https:\/\/www.instagram.com\/unigyoretohc\/\",\"https:\/\/www.tiktok.com\/@unietohockey\"]},{\"@type\":\"Person\",\"@id\":\"https:\/\/unigyoretohc.hu\/#\/schema\/person\/4cd020300a9cfd8f1e11c653934160a4\",\"name\":\"etoadmin\",\"image\":{\"@type\":\"ImageObject\",\"inLanguage\":\"en-US\",\"@id\":\"https:\/\/unigyoretohc.hu\/#\/schema\/person\/image\/\",\"url\":\"https:\/\/secure.gravatar.com\/avatar\/6b47a4be7e21120dd40f15f56d71d72b9917b5a5e92ee0ffeed19b99b732ceac?s=96&d=mm&r=g\",\"contentUrl\":\"https:\/\/secure.gravatar.com\/avatar\/6b47a4be7e21120dd40f15f56d71d72b9917b5a5e92ee0ffeed19b99b732ceac?s=96&d=mm&r=g\",\"caption\":\"etoadmin\"},\"sameAs\":[\"https:\/\/unigyoretohc.hu\"],\"url\":\"https:\/\/unigyoretohc.hu\/en\/author\/etoadmin\/\"}]}<\/script>\n<!-- \/ Yoast SEO plugin. -->","yoast_head_json":{"title":"Pre-season interview with our head coach. - UNI GY\u0150R ETO HC","description":"Our team starts its second season with M\u00e1ty\u00e1s Odnoga at the helm.","robots":{"index":"index","follow":"follow","max-snippet":"max-snippet:-1","max-image-preview":"max-image-preview:large","max-video-preview":"max-video-preview:-1"},"canonical":"https:\/\/unigyoretohc.hu\/en\/pre-season-interview-with-our-head-coach\/","og_locale":"en_US","og_type":"article","og_title":"Pre-season interview with our head coach. - UNI GY\u0150R ETO HC","og_description":"Our team starts its second season with M\u00e1ty\u00e1s Odnoga at the helm.","og_url":"https:\/\/unigyoretohc.hu\/en\/pre-season-interview-with-our-head-coach\/","og_site_name":"UNI GY\u0150R ETO HC","article_publisher":"https:\/\/www.facebook.com\/unigyoretohc","article_published_time":"2024-09-06T14:26:44+00:00","article_modified_time":"2024-09-06T19:07:40+00:00","og_image":[{"width":1280,"height":853,"url":"https:\/\/unigyoretohc.hu\/wp-content\/uploads\/2024\/09\/Odnoga-Matyas.jpg","type":"image\/jpeg"}],"author":"etoadmin","twitter_card":"summary_large_image","twitter_misc":{"Written by":"etoadmin","Est. reading time":"4 minutes"},"schema":{"@context":"https:\/\/schema.org","@graph":[{"@type":"Article","@id":"https:\/\/unigyoretohc.hu\/en\/pre-season-interview-with-our-head-coach\/#article","isPartOf":{"@id":"https:\/\/unigyoretohc.hu\/en\/pre-season-interview-with-our-head-coach\/"},"author":{"name":"etoadmin","@id":"https:\/\/unigyoretohc.hu\/#\/schema\/person\/4cd020300a9cfd8f1e11c653934160a4"},"headline":"Pre-season interview with our head coach.","datePublished":"2024-09-06T14:26:44+00:00","dateModified":"2024-09-06T19:07:40+00:00","mainEntityOfPage":{"@id":"https:\/\/unigyoretohc.hu\/en\/pre-season-interview-with-our-head-coach\/"},"wordCount":829,"publisher":{"@id":"https:\/\/unigyoretohc.hu\/#organization"},"image":{"@id":"https:\/\/unigyoretohc.hu\/en\/pre-season-interview-with-our-head-coach\/#primaryimage"},"thumbnailUrl":"https:\/\/unigyoretohc.hu\/wp-content\/uploads\/2024\/09\/Odnoga-Matyas.jpg","keywords":["Andersen League","EUHL","Home games","Hungarian Cup","MEFOB"],"articleSection":["unigyoretohc"],"inLanguage":"en-US"},{"@type":"WebPage","@id":"https:\/\/unigyoretohc.hu\/en\/pre-season-interview-with-our-head-coach\/","url":"https:\/\/unigyoretohc.hu\/en\/pre-season-interview-with-our-head-coach\/","name":"Pre-season interview with our head coach. - UNI GY\u0150R ETO HC","isPartOf":{"@id":"https:\/\/unigyoretohc.hu\/#website"},"primaryImageOfPage":{"@id":"https:\/\/unigyoretohc.hu\/en\/pre-season-interview-with-our-head-coach\/#primaryimage"},"image":{"@id":"https:\/\/unigyoretohc.hu\/en\/pre-season-interview-with-our-head-coach\/#primaryimage"},"thumbnailUrl":"https:\/\/unigyoretohc.hu\/wp-content\/uploads\/2024\/09\/Odnoga-Matyas.jpg","datePublished":"2024-09-06T14:26:44+00:00","dateModified":"2024-09-06T19:07:40+00:00","description":"Our team starts its second season with M\u00e1ty\u00e1s Odnoga at the helm.","breadcrumb":{"@id":"https:\/\/unigyoretohc.hu\/en\/pre-season-interview-with-our-head-coach\/#breadcrumb"},"inLanguage":"en-US","potentialAction":[{"@type":"ReadAction","target":["https:\/\/unigyoretohc.hu\/en\/pre-season-interview-with-our-head-coach\/"]}]},{"@type":"ImageObject","inLanguage":"en-US","@id":"https:\/\/unigyoretohc.hu\/en\/pre-season-interview-with-our-head-coach\/#primaryimage","url":"https:\/\/unigyoretohc.hu\/wp-content\/uploads\/2024\/09\/Odnoga-Matyas.jpg","contentUrl":"https:\/\/unigyoretohc.hu\/wp-content\/uploads\/2024\/09\/Odnoga-Matyas.jpg","width":1280,"height":853},{"@type":"BreadcrumbList","@id":"https:\/\/unigyoretohc.hu\/en\/pre-season-interview-with-our-head-coach\/#breadcrumb","itemListElement":[{"@type":"ListItem","position":1,"name":"Kezd\u0151lap","item":"https:\/\/unigyoretohc.hu\/"},{"@type":"ListItem","position":2,"name":"Pre-season interview with our head coach."}]},{"@type":"WebSite","@id":"https:\/\/unigyoretohc.hu\/#website","url":"https:\/\/unigyoretohc.hu\/","name":"UNI GY\u0150R ETO HC","description":"Erste Liga","publisher":{"@id":"https:\/\/unigyoretohc.hu\/#organization"},"potentialAction":[{"@type":"SearchAction","target":{"@type":"EntryPoint","urlTemplate":"https:\/\/unigyoretohc.hu\/?s={search_term_string}"},"query-input":{"@type":"PropertyValueSpecification","valueRequired":true,"valueName":"search_term_string"}}],"inLanguage":"en-US"},{"@type":"Organization","@id":"https:\/\/unigyoretohc.hu\/#organization","name":"UNI GY\u0150R ETO HC","url":"https:\/\/unigyoretohc.hu\/","logo":{"@type":"ImageObject","inLanguage":"en-US","@id":"https:\/\/unigyoretohc.hu\/#\/schema\/logo\/image\/","url":"https:\/\/unigyoretohc.hu\/wp-content\/uploads\/2022\/10\/ETO_logo.png","contentUrl":"https:\/\/unigyoretohc.hu\/wp-content\/uploads\/2022\/10\/ETO_logo.png","width":800,"height":800,"caption":"UNI GY\u0150R ETO HC"},"image":{"@id":"https:\/\/unigyoretohc.hu\/#\/schema\/logo\/image\/"},"sameAs":["https:\/\/www.facebook.com\/unigyoretohc","https:\/\/www.instagram.com\/unigyoretohc\/","https:\/\/www.tiktok.com\/@unietohockey"]},{"@type":"Person","@id":"https:\/\/unigyoretohc.hu\/#\/schema\/person\/4cd020300a9cfd8f1e11c653934160a4","name":"etoadmin","image":{"@type":"ImageObject","inLanguage":"en-US","@id":"https:\/\/unigyoretohc.hu\/#\/schema\/person\/image\/","url":"https:\/\/secure.gravatar.com\/avatar\/6b47a4be7e21120dd40f15f56d71d72b9917b5a5e92ee0ffeed19b99b732ceac?s=96&d=mm&r=g","contentUrl":"https:\/\/secure.gravatar.com\/avatar\/6b47a4be7e21120dd40f15f56d71d72b9917b5a5e92ee0ffeed19b99b732ceac?s=96&d=mm&r=g","caption":"etoadmin"},"sameAs":["https:\/\/unigyoretohc.hu"],"url":"https:\/\/unigyoretohc.hu\/en\/author\/etoadmin\/"}]}},"_links":{"self":[{"href":"https:\/\/unigyoretohc.hu\/en\/wp-json\/wp\/v2\/posts\/6711","targetHints":{"allow":["GET"]}}],"collection":[{"href":"https:\/\/unigyoretohc.hu\/en\/wp-json\/wp\/v2\/posts"}],"about":[{"href":"https:\/\/unigyoretohc.hu\/en\/wp-json\/wp\/v2\/types\/post"}],"author":[{"embeddable":true,"href":"https:\/\/unigyoretohc.hu\/en\/wp-json\/wp\/v2\/users\/1"}],"replies":[{"embeddable":true,"href":"https:\/\/unigyoretohc.hu\/en\/wp-json\/wp\/v2\/comments?post=6711"}],"version-history":[{"count":15,"href":"https:\/\/unigyoretohc.hu\/en\/wp-json\/wp\/v2\/posts\/6711\/revisions"}],"predecessor-version":[{"id":6731,"href":"https:\/\/unigyoretohc.hu\/en\/wp-json\/wp\/v2\/posts\/6711\/revisions\/6731"}],"wp:featuredmedia":[{"embeddable":true,"href":"https:\/\/unigyoretohc.hu\/en\/wp-json\/wp\/v2\/media\/6708"}],"wp:attachment":[{"href":"https:\/\/unigyoretohc.hu\/en\/wp-json\/wp\/v2\/media?parent=6711"}],"wp:term":[{"taxonomy":"category","embeddable":true,"href":"https:\/\/unigyoretohc.hu\/en\/wp-json\/wp\/v2\/categories?post=6711"},{"taxonomy":"post_tag","embeddable":true,"href":"https:\/\/unigyoretohc.hu\/en\/wp-json\/wp\/v2\/tags?post=6711"}],"curies":[{"name":"wp","href":"https:\/\/api.w.org\/{rel}","templated":true}]}}